{"id":1070,"date":"2017-04-03T13:43:58","date_gmt":"2017-04-03T11:43:58","guid":{"rendered":"https:\/\/www.e-citaty.cz\/uzivatelske-citaty\/2017\/04\/03\/vetsina-lidi-ma-tak-velky-strach-ze-smrti-a-venuji-tolik-usili-tomu-aby-se-ji-vyhnuli-ze-nemaji-ani-cas-zit\/"},"modified":"2017-04-24T15:27:38","modified_gmt":"2017-04-24T13:27:38","slug":"vetsina-lidi-ma-tak-velky-strach-ze-smrti-a-venuji-tolik-usili-tomu-aby-se-ji-vyhnuli-ze-nemaji-ani-cas-zit","status":"publish","type":"post","link":"https:\/\/www.e-citaty.cz\/uzivatelske-citaty\/anthony-de-mello\/1070","title":{"rendered":"V\u011bt\u0161ina lid\u00ed m\u00e1 tak velk\u00fd strach ze smrti a v\u011bnuj\u00ed tolik \u00fasil\u00ed tomu, \r\naby se j\u00ed vyhnuli, \u017ee nemaj\u00ed ani \u010das \u017e\u00edt."},"content":{"rendered":"","protected":false},"excerpt":{"rendered":"","protected":false},"author":2235,"featured_media":0,"comment_status":"closed","ping_status":"open","sticky":false,"template":"","format":"standard","meta":[],"categories":[9,10],"tags":[],"acf":[],"yoast_head":"<!-- This site is optimized with the Yoast SEO plugin v20.1 - https:\/\/yoast.com\/wordpress\/plugins\/seo\/ -->\n<title>V\u011bt\u0161ina lid\u00ed m\u00e1 tak velk\u00fd strach ze smrti a v\u011bnuj\u00ed tolik \u00fasil\u00ed tomu,  aby se j\u00ed vyhnuli, \u017ee nemaj\u00ed ani \u010das \u017e\u00edt. | E-cit\u00e1ty.cz<\/title>\n<meta name=\"robots\" content=\"index, follow, max-snippet:-1, max-image-preview:large, max-video-preview:-1\" \/>\n<link rel=\"canonical\" href=\"https:\/\/www.e-citaty.cz\/uzivatelske-citaty\/anthony-de-mello\/1070\" \/>\n<meta property=\"og:locale\" content=\"cs_CZ\" \/>\n<meta property=\"og:type\" content=\"article\" \/>\n<meta property=\"og:title\" content=\"V\u011bt\u0161ina lid\u00ed m\u00e1 tak velk\u00fd strach ze smrti a v\u011bnuj\u00ed tolik \u00fasil\u00ed tomu,  aby se j\u00ed vyhnuli, \u017ee nemaj\u00ed ani \u010das \u017e\u00edt. | E-cit\u00e1ty.cz\" \/>\n<meta property=\"og:url\" content=\"https:\/\/www.e-citaty.cz\/uzivatelske-citaty\/anthony-de-mello\/1070\" \/>\n<meta property=\"og:site_name\" content=\"E-citaty.cz - U\u017eivatelsk\u00e9 cit\u00e1ty\" \/>\n<meta property=\"article:published_time\" content=\"2017-04-03T11:43:58+00:00\" \/>\n<meta property=\"article:modified_time\" content=\"2017-04-24T13:27:38+00:00\" \/>\n<meta property=\"og:image\" content=\"https:\/\/www.e-citaty.cz\/uzivatelske-citaty\/wp-content\/uploads\/sites\/3\/2017\/03\/facebook-cover.png\" \/>\n\t<meta property=\"og:image:width\" content=\"1200\" \/>\n\t<meta property=\"og:image:height\" content=\"630\" \/>\n\t<meta property=\"og:image:type\" content=\"image\/png\" \/>\n<meta name=\"author\" content=\"Anthony de Mello\" \/>\n<meta name=\"twitter:card\" content=\"summary_large_image\" \/>\n<meta name=\"twitter:label1\" content=\"Napsal(a)\" \/>\n\t<meta name=\"twitter:data1\" content=\"Anthony de Mello\" \/>\n<script type=\"application\/ld+json\" class=\"yoast-schema-graph\">{\"@context\":\"https:\/\/schema.org\",\"@graph\":[{\"@type\":\"WebPage\",\"@id\":\"https:\/\/www.e-citaty.cz\/uzivatelske-citaty\/anthony-de-mello\/1070\",\"url\":\"https:\/\/www.e-citaty.cz\/uzivatelske-citaty\/anthony-de-mello\/1070\",\"name\":\"V\u011bt\u0161ina lid\u00ed m\u00e1 tak velk\u00fd strach ze smrti a v\u011bnuj\u00ed tolik \u00fasil\u00ed tomu, aby se j\u00ed vyhnuli, \u017ee nemaj\u00ed ani \u010das \u017e\u00edt. | E-cit\u00e1ty.cz\",\"isPartOf\":{\"@id\":\"https:\/\/www.e-citaty.cz\/uzivatelske-citaty\/#website\"},\"datePublished\":\"2017-04-03T11:43:58+00:00\",\"dateModified\":\"2017-04-24T13:27:38+00:00\",\"author\":{\"@id\":\"https:\/\/www.e-citaty.cz\/uzivatelske-citaty\/#\/schema\/person\/c581a4ba55a0d5dc0aaa3ec25de9346d\"},\"breadcrumb\":{\"@id\":\"https:\/\/www.e-citaty.cz\/uzivatelske-citaty\/anthony-de-mello\/1070#breadcrumb\"},\"inLanguage\":\"cs\",\"potentialAction\":[{\"@type\":\"ReadAction\",\"target\":[\"https:\/\/www.e-citaty.cz\/uzivatelske-citaty\/anthony-de-mello\/1070\"]}]},{\"@type\":\"BreadcrumbList\",\"@id\":\"https:\/\/www.e-citaty.cz\/uzivatelske-citaty\/anthony-de-mello\/1070#breadcrumb\",\"itemListElement\":[{\"@type\":\"ListItem\",\"position\":1,\"name\":\"Dom\u016f\",\"item\":\"https:\/\/www.e-citaty.cz\/uzivatelske-citaty\"},{\"@type\":\"ListItem\",\"position\":2,\"name\":\"V\u011bt\u0161ina lid\u00ed m\u00e1 tak velk\u00fd strach ze smrti a v\u011bnuj\u00ed tolik \u00fasil\u00ed tomu, aby se j\u00ed vyhnuli, \u017ee nemaj\u00ed ani \u010das \u017e\u00edt.\"}]},{\"@type\":\"WebSite\",\"@id\":\"https:\/\/www.e-citaty.cz\/uzivatelske-citaty\/#website\",\"url\":\"https:\/\/www.e-citaty.cz\/uzivatelske-citaty\/\",\"name\":\"E-citaty.cz - U\u017eivatelsk\u00e9 cit\u00e1ty\",\"description\":\"Cit\u00e1ty na\u0161ich n\u00e1v\u0161t\u011bvn\u00edk\u016f\",\"potentialAction\":[{\"@type\":\"SearchAction\",\"target\":{\"@type\":\"EntryPoint\",\"urlTemplate\":\"https:\/\/www.e-citaty.cz\/uzivatelske-citaty\/?s={search_term_string}\"},\"query-input\":\"required name=search_term_string\"}],\"inLanguage\":\"cs\"},{\"@type\":\"Person\",\"@id\":\"https:\/\/www.e-citaty.cz\/uzivatelske-citaty\/#\/schema\/person\/c581a4ba55a0d5dc0aaa3ec25de9346d\",\"name\":\"Anthony de Mello\",\"image\":{\"@type\":\"ImageObject\",\"inLanguage\":\"cs\",\"@id\":\"https:\/\/www.e-citaty.cz\/uzivatelske-citaty\/#\/schema\/person\/image\/\",\"url\":\"https:\/\/secure.gravatar.com\/avatar\/3852fb26f718a46cef9f1b7164f8395f?s=96&d=mm&r=g\",\"contentUrl\":\"https:\/\/secure.gravatar.com\/avatar\/3852fb26f718a46cef9f1b7164f8395f?s=96&d=mm&r=g\",\"caption\":\"Anthony de Mello\"},\"url\":\"https:\/\/www.e-citaty.cz\/uzivatelske-citaty\/author\/anthony-de-mello\"}]}<\/script>\n<!-- \/ Yoast SEO plugin. -->","yoast_head_json":{"title":"V\u011bt\u0161ina lid\u00ed m\u00e1 tak velk\u00fd strach ze smrti a v\u011bnuj\u00ed tolik \u00fasil\u00ed tomu,  aby se j\u00ed vyhnuli, \u017ee nemaj\u00ed ani \u010das \u017e\u00edt. | E-cit\u00e1ty.cz","robots":{"index":"index","follow":"follow","max-snippet":"max-snippet:-1","max-image-preview":"max-image-preview:large","max-video-preview":"max-video-preview:-1"},"canonical":"https:\/\/www.e-citaty.cz\/uzivatelske-citaty\/anthony-de-mello\/1070","og_locale":"cs_CZ","og_type":"article","og_title":"V\u011bt\u0161ina lid\u00ed m\u00e1 tak velk\u00fd strach ze smrti a v\u011bnuj\u00ed tolik \u00fasil\u00ed tomu,  aby se j\u00ed vyhnuli, \u017ee nemaj\u00ed ani \u010das \u017e\u00edt. | E-cit\u00e1ty.cz","og_url":"https:\/\/www.e-citaty.cz\/uzivatelske-citaty\/anthony-de-mello\/1070","og_site_name":"E-citaty.cz - U\u017eivatelsk\u00e9 cit\u00e1ty","article_published_time":"2017-04-03T11:43:58+00:00","article_modified_time":"2017-04-24T13:27:38+00:00","og_image":[{"width":1200,"height":630,"url":"https:\/\/www.e-citaty.cz\/uzivatelske-citaty\/wp-content\/uploads\/sites\/3\/2017\/03\/facebook-cover.png","type":"image\/png"}],"author":"Anthony de Mello","twitter_card":"summary_large_image","twitter_misc":{"Napsal(a)":"Anthony de Mello"},"schema":{"@context":"https:\/\/schema.org","@graph":[{"@type":"WebPage","@id":"https:\/\/www.e-citaty.cz\/uzivatelske-citaty\/anthony-de-mello\/1070","url":"https:\/\/www.e-citaty.cz\/uzivatelske-citaty\/anthony-de-mello\/1070","name":"V\u011bt\u0161ina lid\u00ed m\u00e1 tak velk\u00fd strach ze smrti a v\u011bnuj\u00ed tolik \u00fasil\u00ed tomu, aby se j\u00ed vyhnuli, \u017ee nemaj\u00ed ani \u010das \u017e\u00edt. | E-cit\u00e1ty.cz","isPartOf":{"@id":"https:\/\/www.e-citaty.cz\/uzivatelske-citaty\/#website"},"datePublished":"2017-04-03T11:43:58+00:00","dateModified":"2017-04-24T13:27:38+00:00","author":{"@id":"https:\/\/www.e-citaty.cz\/uzivatelske-citaty\/#\/schema\/person\/c581a4ba55a0d5dc0aaa3ec25de9346d"},"breadcrumb":{"@id":"https:\/\/www.e-citaty.cz\/uzivatelske-citaty\/anthony-de-mello\/1070#breadcrumb"},"inLanguage":"cs","potentialAction":[{"@type":"ReadAction","target":["https:\/\/www.e-citaty.cz\/uzivatelske-citaty\/anthony-de-mello\/1070"]}]},{"@type":"BreadcrumbList","@id":"https:\/\/www.e-citaty.cz\/uzivatelske-citaty\/anthony-de-mello\/1070#breadcrumb","itemListElement":[{"@type":"ListItem","position":1,"name":"Dom\u016f","item":"https:\/\/www.e-citaty.cz\/uzivatelske-citaty"},{"@type":"ListItem","position":2,"name":"V\u011bt\u0161ina lid\u00ed m\u00e1 tak velk\u00fd strach ze smrti a v\u011bnuj\u00ed tolik \u00fasil\u00ed tomu, aby se j\u00ed vyhnuli, \u017ee nemaj\u00ed ani \u010das \u017e\u00edt."}]},{"@type":"WebSite","@id":"https:\/\/www.e-citaty.cz\/uzivatelske-citaty\/#website","url":"https:\/\/www.e-citaty.cz\/uzivatelske-citaty\/","name":"E-citaty.cz - U\u017eivatelsk\u00e9 cit\u00e1ty","description":"Cit\u00e1ty na\u0161ich n\u00e1v\u0161t\u011bvn\u00edk\u016f","potentialAction":[{"@type":"SearchAction","target":{"@type":"EntryPoint","urlTemplate":"https:\/\/www.e-citaty.cz\/uzivatelske-citaty\/?s={search_term_string}"},"query-input":"required name=search_term_string"}],"inLanguage":"cs"},{"@type":"Person","@id":"https:\/\/www.e-citaty.cz\/uzivatelske-citaty\/#\/schema\/person\/c581a4ba55a0d5dc0aaa3ec25de9346d","name":"Anthony de Mello","image":{"@type":"ImageObject","inLanguage":"cs","@id":"https:\/\/www.e-citaty.cz\/uzivatelske-citaty\/#\/schema\/person\/image\/","url":"https:\/\/secure.gravatar.com\/avatar\/3852fb26f718a46cef9f1b7164f8395f?s=96&d=mm&r=g","contentUrl":"https:\/\/secure.gravatar.com\/avatar\/3852fb26f718a46cef9f1b7164f8395f?s=96&d=mm&r=g","caption":"Anthony de Mello"},"url":"https:\/\/www.e-citaty.cz\/uzivatelske-citaty\/author\/anthony-de-mello"}]}},"_links":{"self":[{"href":"https:\/\/www.e-citaty.cz\/uzivatelske-citaty\/wp-json\/wp\/v2\/posts\/1070"}],"collection":[{"href":"https:\/\/www.e-citaty.cz\/uzivatelske-citaty\/wp-json\/wp\/v2\/posts"}],"about":[{"href":"https:\/\/www.e-citaty.cz\/uzivatelske-citaty\/wp-json\/wp\/v2\/types\/post"}],"author":[{"embeddable":true,"href":"https:\/\/www.e-citaty.cz\/uzivatelske-citaty\/wp-json\/wp\/v2\/users\/2235"}],"replies":[{"embeddable":true,"href":"https:\/\/www.e-citaty.cz\/uzivatelske-citaty\/wp-json\/wp\/v2\/comments?post=1070"}],"version-history":[{"count":1,"href":"https:\/\/www.e-citaty.cz\/uzivatelske-citaty\/wp-json\/wp\/v2\/posts\/1070\/revisions"}],"predecessor-version":[{"id":1565,"href":"https:\/\/www.e-citaty.cz\/uzivatelske-citaty\/wp-json\/wp\/v2\/posts\/1070\/revisions\/1565"}],"wp:attachment":[{"href":"https:\/\/www.e-citaty.cz\/uzivatelske-citaty\/wp-json\/wp\/v2\/media?parent=1070"}],"wp:term":[{"taxonomy":"category","embeddable":true,"href":"https:\/\/www.e-citaty.cz\/uzivatelske-citaty\/wp-json\/wp\/v2\/categories?post=1070"},{"taxonomy":"post_tag","embeddable":true,"href":"https:\/\/www.e-citaty.cz\/uzivatelske-citaty\/wp-json\/wp\/v2\/tags?post=1070"}],"curies":[{"name":"wp","href":"https:\/\/api.w.org\/{rel}","templated":true}]}}