{"id":766,"date":"2017-04-03T13:43:28","date_gmt":"2017-04-03T11:43:28","guid":{"rendered":"https:\/\/www.e-citaty.cz\/uzivatelske-citaty\/2017\/04\/03\/myslenka-je-jako-srdce-srdce-nam-busi-aby-jsme-mohli-zit-myslenka-nam-umoznuje-myslet-a-premyslet\/"},"modified":"2017-04-24T11:58:55","modified_gmt":"2017-04-24T09:58:55","slug":"myslenka-je-jako-srdce-srdce-nam-busi-aby-jsme-mohli-zit-myslenka-nam-umoznuje-myslet-a-premyslet","status":"publish","type":"post","link":"https:\/\/www.e-citaty.cz\/uzivatelske-citaty\/weer-zitna\/766","title":{"rendered":"My\u0161lenka je jako srdce, srdce n\u00e1m bu\u0161\u00ed, aby jsme mohli \u017e\u00edt my\u0161lenka n\u00e1m \r\numo\u017enuje myslet a p\u0159em\u00fd\u0161let !"},"content":{"rendered":"","protected":false},"excerpt":{"rendered":"","protected":false},"author":2571,"featured_media":0,"comment_status":"closed","ping_status":"open","sticky":false,"template":"","format":"standard","meta":[],"categories":[26],"tags":[],"acf":[],"yoast_head":"<!-- This site is optimized with the Yoast SEO plugin v20.1 - https:\/\/yoast.com\/wordpress\/plugins\/seo\/ -->\n<title>My\u0161lenka je jako srdce, srdce n\u00e1m bu\u0161\u00ed, aby jsme mohli \u017e\u00edt my\u0161lenka n\u00e1m  umo\u017enuje myslet a p\u0159em\u00fd\u0161let ! | E-cit\u00e1ty.cz<\/title>\n<meta name=\"robots\" content=\"index, follow, max-snippet:-1, max-image-preview:large, max-video-preview:-1\" \/>\n<link rel=\"canonical\" href=\"https:\/\/www.e-citaty.cz\/uzivatelske-citaty\/weer-zitna\/766\" \/>\n<meta property=\"og:locale\" content=\"cs_CZ\" \/>\n<meta property=\"og:type\" content=\"article\" \/>\n<meta property=\"og:title\" content=\"My\u0161lenka je jako srdce, srdce n\u00e1m bu\u0161\u00ed, aby jsme mohli \u017e\u00edt my\u0161lenka n\u00e1m  umo\u017enuje myslet a p\u0159em\u00fd\u0161let ! | E-cit\u00e1ty.cz\" \/>\n<meta property=\"og:url\" content=\"https:\/\/www.e-citaty.cz\/uzivatelske-citaty\/weer-zitna\/766\" \/>\n<meta property=\"og:site_name\" content=\"E-citaty.cz - U\u017eivatelsk\u00e9 cit\u00e1ty\" \/>\n<meta property=\"article:published_time\" content=\"2017-04-03T11:43:28+00:00\" \/>\n<meta property=\"article:modified_time\" content=\"2017-04-24T09:58:55+00:00\" \/>\n<meta property=\"og:image\" content=\"https:\/\/www.e-citaty.cz\/uzivatelske-citaty\/wp-content\/uploads\/sites\/3\/2017\/03\/facebook-cover.png\" \/>\n\t<meta property=\"og:image:width\" content=\"1200\" \/>\n\t<meta property=\"og:image:height\" content=\"630\" \/>\n\t<meta property=\"og:image:type\" content=\"image\/png\" \/>\n<meta name=\"author\" content=\"Weer \u017ditn\u00e1\" \/>\n<meta name=\"twitter:card\" content=\"summary_large_image\" \/>\n<meta name=\"twitter:label1\" content=\"Napsal(a)\" \/>\n\t<meta name=\"twitter:data1\" content=\"Weer \u017ditn\u00e1\" \/>\n<script type=\"application\/ld+json\" class=\"yoast-schema-graph\">{\"@context\":\"https:\/\/schema.org\",\"@graph\":[{\"@type\":\"WebPage\",\"@id\":\"https:\/\/www.e-citaty.cz\/uzivatelske-citaty\/weer-zitna\/766\",\"url\":\"https:\/\/www.e-citaty.cz\/uzivatelske-citaty\/weer-zitna\/766\",\"name\":\"My\u0161lenka je jako srdce, srdce n\u00e1m bu\u0161\u00ed, aby jsme mohli \u017e\u00edt my\u0161lenka n\u00e1m umo\u017enuje myslet a p\u0159em\u00fd\u0161let ! | E-cit\u00e1ty.cz\",\"isPartOf\":{\"@id\":\"https:\/\/www.e-citaty.cz\/uzivatelske-citaty\/#website\"},\"datePublished\":\"2017-04-03T11:43:28+00:00\",\"dateModified\":\"2017-04-24T09:58:55+00:00\",\"author\":{\"@id\":\"https:\/\/www.e-citaty.cz\/uzivatelske-citaty\/#\/schema\/person\/a1f1803f8165614b63c5a4d8fcf8801b\"},\"breadcrumb\":{\"@id\":\"https:\/\/www.e-citaty.cz\/uzivatelske-citaty\/weer-zitna\/766#breadcrumb\"},\"inLanguage\":\"cs\",\"potentialAction\":[{\"@type\":\"ReadAction\",\"target\":[\"https:\/\/www.e-citaty.cz\/uzivatelske-citaty\/weer-zitna\/766\"]}]},{\"@type\":\"BreadcrumbList\",\"@id\":\"https:\/\/www.e-citaty.cz\/uzivatelske-citaty\/weer-zitna\/766#breadcrumb\",\"itemListElement\":[{\"@type\":\"ListItem\",\"position\":1,\"name\":\"Dom\u016f\",\"item\":\"https:\/\/www.e-citaty.cz\/uzivatelske-citaty\"},{\"@type\":\"ListItem\",\"position\":2,\"name\":\"My\u0161lenka je jako srdce, srdce n\u00e1m bu\u0161\u00ed, aby jsme mohli \u017e\u00edt my\u0161lenka n\u00e1m umo\u017enuje myslet a p\u0159em\u00fd\u0161let !\"}]},{\"@type\":\"WebSite\",\"@id\":\"https:\/\/www.e-citaty.cz\/uzivatelske-citaty\/#website\",\"url\":\"https:\/\/www.e-citaty.cz\/uzivatelske-citaty\/\",\"name\":\"E-citaty.cz - U\u017eivatelsk\u00e9 cit\u00e1ty\",\"description\":\"Cit\u00e1ty na\u0161ich n\u00e1v\u0161t\u011bvn\u00edk\u016f\",\"potentialAction\":[{\"@type\":\"SearchAction\",\"target\":{\"@type\":\"EntryPoint\",\"urlTemplate\":\"https:\/\/www.e-citaty.cz\/uzivatelske-citaty\/?s={search_term_string}\"},\"query-input\":\"required name=search_term_string\"}],\"inLanguage\":\"cs\"},{\"@type\":\"Person\",\"@id\":\"https:\/\/www.e-citaty.cz\/uzivatelske-citaty\/#\/schema\/person\/a1f1803f8165614b63c5a4d8fcf8801b\",\"name\":\"Weer \u017ditn\u00e1\",\"image\":{\"@type\":\"ImageObject\",\"inLanguage\":\"cs\",\"@id\":\"https:\/\/www.e-citaty.cz\/uzivatelske-citaty\/#\/schema\/person\/image\/\",\"url\":\"https:\/\/secure.gravatar.com\/avatar\/a778dbbb874a18cf0faab59e34145314?s=96&d=mm&r=g\",\"contentUrl\":\"https:\/\/secure.gravatar.com\/avatar\/a778dbbb874a18cf0faab59e34145314?s=96&d=mm&r=g\",\"caption\":\"Weer \u017ditn\u00e1\"},\"url\":\"https:\/\/www.e-citaty.cz\/uzivatelske-citaty\/author\/weer-zitna\"}]}<\/script>\n<!-- \/ Yoast SEO plugin. -->","yoast_head_json":{"title":"My\u0161lenka je jako srdce, srdce n\u00e1m bu\u0161\u00ed, aby jsme mohli \u017e\u00edt my\u0161lenka n\u00e1m  umo\u017enuje myslet a p\u0159em\u00fd\u0161let ! | E-cit\u00e1ty.cz","robots":{"index":"index","follow":"follow","max-snippet":"max-snippet:-1","max-image-preview":"max-image-preview:large","max-video-preview":"max-video-preview:-1"},"canonical":"https:\/\/www.e-citaty.cz\/uzivatelske-citaty\/weer-zitna\/766","og_locale":"cs_CZ","og_type":"article","og_title":"My\u0161lenka je jako srdce, srdce n\u00e1m bu\u0161\u00ed, aby jsme mohli \u017e\u00edt my\u0161lenka n\u00e1m  umo\u017enuje myslet a p\u0159em\u00fd\u0161let ! | E-cit\u00e1ty.cz","og_url":"https:\/\/www.e-citaty.cz\/uzivatelske-citaty\/weer-zitna\/766","og_site_name":"E-citaty.cz - U\u017eivatelsk\u00e9 cit\u00e1ty","article_published_time":"2017-04-03T11:43:28+00:00","article_modified_time":"2017-04-24T09:58:55+00:00","og_image":[{"width":1200,"height":630,"url":"https:\/\/www.e-citaty.cz\/uzivatelske-citaty\/wp-content\/uploads\/sites\/3\/2017\/03\/facebook-cover.png","type":"image\/png"}],"author":"Weer \u017ditn\u00e1","twitter_card":"summary_large_image","twitter_misc":{"Napsal(a)":"Weer \u017ditn\u00e1"},"schema":{"@context":"https:\/\/schema.org","@graph":[{"@type":"WebPage","@id":"https:\/\/www.e-citaty.cz\/uzivatelske-citaty\/weer-zitna\/766","url":"https:\/\/www.e-citaty.cz\/uzivatelske-citaty\/weer-zitna\/766","name":"My\u0161lenka je jako srdce, srdce n\u00e1m bu\u0161\u00ed, aby jsme mohli \u017e\u00edt my\u0161lenka n\u00e1m umo\u017enuje myslet a p\u0159em\u00fd\u0161let ! | E-cit\u00e1ty.cz","isPartOf":{"@id":"https:\/\/www.e-citaty.cz\/uzivatelske-citaty\/#website"},"datePublished":"2017-04-03T11:43:28+00:00","dateModified":"2017-04-24T09:58:55+00:00","author":{"@id":"https:\/\/www.e-citaty.cz\/uzivatelske-citaty\/#\/schema\/person\/a1f1803f8165614b63c5a4d8fcf8801b"},"breadcrumb":{"@id":"https:\/\/www.e-citaty.cz\/uzivatelske-citaty\/weer-zitna\/766#breadcrumb"},"inLanguage":"cs","potentialAction":[{"@type":"ReadAction","target":["https:\/\/www.e-citaty.cz\/uzivatelske-citaty\/weer-zitna\/766"]}]},{"@type":"BreadcrumbList","@id":"https:\/\/www.e-citaty.cz\/uzivatelske-citaty\/weer-zitna\/766#breadcrumb","itemListElement":[{"@type":"ListItem","position":1,"name":"Dom\u016f","item":"https:\/\/www.e-citaty.cz\/uzivatelske-citaty"},{"@type":"ListItem","position":2,"name":"My\u0161lenka je jako srdce, srdce n\u00e1m bu\u0161\u00ed, aby jsme mohli \u017e\u00edt my\u0161lenka n\u00e1m umo\u017enuje myslet a p\u0159em\u00fd\u0161let !"}]},{"@type":"WebSite","@id":"https:\/\/www.e-citaty.cz\/uzivatelske-citaty\/#website","url":"https:\/\/www.e-citaty.cz\/uzivatelske-citaty\/","name":"E-citaty.cz - U\u017eivatelsk\u00e9 cit\u00e1ty","description":"Cit\u00e1ty na\u0161ich n\u00e1v\u0161t\u011bvn\u00edk\u016f","potentialAction":[{"@type":"SearchAction","target":{"@type":"EntryPoint","urlTemplate":"https:\/\/www.e-citaty.cz\/uzivatelske-citaty\/?s={search_term_string}"},"query-input":"required name=search_term_string"}],"inLanguage":"cs"},{"@type":"Person","@id":"https:\/\/www.e-citaty.cz\/uzivatelske-citaty\/#\/schema\/person\/a1f1803f8165614b63c5a4d8fcf8801b","name":"Weer \u017ditn\u00e1","image":{"@type":"ImageObject","inLanguage":"cs","@id":"https:\/\/www.e-citaty.cz\/uzivatelske-citaty\/#\/schema\/person\/image\/","url":"https:\/\/secure.gravatar.com\/avatar\/a778dbbb874a18cf0faab59e34145314?s=96&d=mm&r=g","contentUrl":"https:\/\/secure.gravatar.com\/avatar\/a778dbbb874a18cf0faab59e34145314?s=96&d=mm&r=g","caption":"Weer \u017ditn\u00e1"},"url":"https:\/\/www.e-citaty.cz\/uzivatelske-citaty\/author\/weer-zitna"}]}},"_links":{"self":[{"href":"https:\/\/www.e-citaty.cz\/uzivatelske-citaty\/wp-json\/wp\/v2\/posts\/766"}],"collection":[{"href":"https:\/\/www.e-citaty.cz\/uzivatelske-citaty\/wp-json\/wp\/v2\/posts"}],"about":[{"href":"https:\/\/www.e-citaty.cz\/uzivatelske-citaty\/wp-json\/wp\/v2\/types\/post"}],"author":[{"embeddable":true,"href":"https:\/\/www.e-citaty.cz\/uzivatelske-citaty\/wp-json\/wp\/v2\/users\/2571"}],"replies":[{"embeddable":true,"href":"https:\/\/www.e-citaty.cz\/uzivatelske-citaty\/wp-json\/wp\/v2\/comments?post=766"}],"version-history":[{"count":1,"href":"https:\/\/www.e-citaty.cz\/uzivatelske-citaty\/wp-json\/wp\/v2\/posts\/766\/revisions"}],"predecessor-version":[{"id":1884,"href":"https:\/\/www.e-citaty.cz\/uzivatelske-citaty\/wp-json\/wp\/v2\/posts\/766\/revisions\/1884"}],"wp:attachment":[{"href":"https:\/\/www.e-citaty.cz\/uzivatelske-citaty\/wp-json\/wp\/v2\/media?parent=766"}],"wp:term":[{"taxonomy":"category","embeddable":true,"href":"https:\/\/www.e-citaty.cz\/uzivatelske-citaty\/wp-json\/wp\/v2\/categories?post=766"},{"taxonomy":"post_tag","embeddable":true,"href":"https:\/\/www.e-citaty.cz\/uzivatelske-citaty\/wp-json\/wp\/v2\/tags?post=766"}],"curies":[{"name":"wp","href":"https:\/\/api.w.org\/{rel}","templated":true}]}}