{"id":818,"date":"2017-04-03T13:43:29","date_gmt":"2017-04-03T11:43:29","guid":{"rendered":"https:\/\/www.e-citaty.cz\/uzivatelske-citaty\/2017\/04\/03\/posledni-dobou-mi-prijde-ze-lide-zde-nejsou-od-toho-aby-znali-pravdu-ale-aby-je-ji-nekdo-usetril\/"},"modified":"2017-04-24T15:30:18","modified_gmt":"2017-04-24T13:30:18","slug":"posledni-dobou-mi-prijde-ze-lide-zde-nejsou-od-toho-aby-znali-pravdu-ale-aby-je-ji-nekdo-usetril","status":"publish","type":"post","link":"https:\/\/www.e-citaty.cz\/uzivatelske-citaty\/citaty\/818","title":{"rendered":"Posledn\u00ed dobou mi p\u0159ijde, \u017ee lid\u00e9 zde nejsou od toho, aby znali pravdu, \r\nale aby je j\u00ed n\u011bkdo u\u0161et\u0159il."},"content":{"rendered":"","protected":false},"excerpt":{"rendered":"","protected":false},"author":2,"featured_media":0,"comment_status":"closed","ping_status":"open","sticky":false,"template":"","format":"standard","meta":[],"categories":[20,48],"tags":[],"acf":[],"yoast_head":"<!-- This site is optimized with the Yoast SEO plugin v20.1 - https:\/\/yoast.com\/wordpress\/plugins\/seo\/ -->\n<title>Posledn\u00ed dobou mi p\u0159ijde, \u017ee lid\u00e9 zde nejsou od toho, aby znali pravdu,  ale aby je j\u00ed n\u011bkdo u\u0161et\u0159il. | E-cit\u00e1ty.cz<\/title>\n<meta name=\"robots\" content=\"index, follow, max-snippet:-1, max-image-preview:large, max-video-preview:-1\" \/>\n<link rel=\"canonical\" href=\"https:\/\/www.e-citaty.cz\/uzivatelske-citaty\/citaty\/818\" \/>\n<meta property=\"og:locale\" content=\"cs_CZ\" \/>\n<meta property=\"og:type\" content=\"article\" \/>\n<meta property=\"og:title\" content=\"Posledn\u00ed dobou mi p\u0159ijde, \u017ee lid\u00e9 zde nejsou od toho, aby znali pravdu,  ale aby je j\u00ed n\u011bkdo u\u0161et\u0159il. | E-cit\u00e1ty.cz\" \/>\n<meta property=\"og:url\" content=\"https:\/\/www.e-citaty.cz\/uzivatelske-citaty\/citaty\/818\" \/>\n<meta property=\"og:site_name\" content=\"E-citaty.cz - U\u017eivatelsk\u00e9 cit\u00e1ty\" \/>\n<meta property=\"article:published_time\" content=\"2017-04-03T11:43:29+00:00\" \/>\n<meta property=\"article:modified_time\" content=\"2017-04-24T13:30:18+00:00\" \/>\n<meta property=\"og:image\" content=\"https:\/\/www.e-citaty.cz\/uzivatelske-citaty\/wp-content\/uploads\/sites\/3\/2017\/03\/facebook-cover.png\" \/>\n\t<meta property=\"og:image:width\" content=\"1200\" \/>\n\t<meta property=\"og:image:height\" content=\"630\" \/>\n\t<meta property=\"og:image:type\" content=\"image\/png\" \/>\n<meta name=\"author\" content=\"citaty\" \/>\n<meta name=\"twitter:card\" content=\"summary_large_image\" \/>\n<meta name=\"twitter:label1\" content=\"Napsal(a)\" \/>\n\t<meta name=\"twitter:data1\" content=\"citaty\" \/>\n<script type=\"application\/ld+json\" class=\"yoast-schema-graph\">{\"@context\":\"https:\/\/schema.org\",\"@graph\":[{\"@type\":\"WebPage\",\"@id\":\"https:\/\/www.e-citaty.cz\/uzivatelske-citaty\/citaty\/818\",\"url\":\"https:\/\/www.e-citaty.cz\/uzivatelske-citaty\/citaty\/818\",\"name\":\"Posledn\u00ed dobou mi p\u0159ijde, \u017ee lid\u00e9 zde nejsou od toho, aby znali pravdu, ale aby je j\u00ed n\u011bkdo u\u0161et\u0159il. | E-cit\u00e1ty.cz\",\"isPartOf\":{\"@id\":\"https:\/\/www.e-citaty.cz\/uzivatelske-citaty\/#website\"},\"datePublished\":\"2017-04-03T11:43:29+00:00\",\"dateModified\":\"2017-04-24T13:30:18+00:00\",\"author\":{\"@id\":\"https:\/\/www.e-citaty.cz\/uzivatelske-citaty\/#\/schema\/person\/ca67bbbe441b35e91d4927719f21f8b4\"},\"breadcrumb\":{\"@id\":\"https:\/\/www.e-citaty.cz\/uzivatelske-citaty\/citaty\/818#breadcrumb\"},\"inLanguage\":\"cs\",\"potentialAction\":[{\"@type\":\"ReadAction\",\"target\":[\"https:\/\/www.e-citaty.cz\/uzivatelske-citaty\/citaty\/818\"]}]},{\"@type\":\"BreadcrumbList\",\"@id\":\"https:\/\/www.e-citaty.cz\/uzivatelske-citaty\/citaty\/818#breadcrumb\",\"itemListElement\":[{\"@type\":\"ListItem\",\"position\":1,\"name\":\"Dom\u016f\",\"item\":\"https:\/\/www.e-citaty.cz\/uzivatelske-citaty\"},{\"@type\":\"ListItem\",\"position\":2,\"name\":\"Posledn\u00ed dobou mi p\u0159ijde, \u017ee lid\u00e9 zde nejsou od toho, aby znali pravdu, ale aby je j\u00ed n\u011bkdo u\u0161et\u0159il.\"}]},{\"@type\":\"WebSite\",\"@id\":\"https:\/\/www.e-citaty.cz\/uzivatelske-citaty\/#website\",\"url\":\"https:\/\/www.e-citaty.cz\/uzivatelske-citaty\/\",\"name\":\"E-citaty.cz - U\u017eivatelsk\u00e9 cit\u00e1ty\",\"description\":\"Cit\u00e1ty na\u0161ich n\u00e1v\u0161t\u011bvn\u00edk\u016f\",\"potentialAction\":[{\"@type\":\"SearchAction\",\"target\":{\"@type\":\"EntryPoint\",\"urlTemplate\":\"https:\/\/www.e-citaty.cz\/uzivatelske-citaty\/?s={search_term_string}\"},\"query-input\":\"required name=search_term_string\"}],\"inLanguage\":\"cs\"},{\"@type\":\"Person\",\"@id\":\"https:\/\/www.e-citaty.cz\/uzivatelske-citaty\/#\/schema\/person\/ca67bbbe441b35e91d4927719f21f8b4\",\"name\":\"citaty\",\"image\":{\"@type\":\"ImageObject\",\"inLanguage\":\"cs\",\"@id\":\"https:\/\/www.e-citaty.cz\/uzivatelske-citaty\/#\/schema\/person\/image\/\",\"url\":\"https:\/\/secure.gravatar.com\/avatar\/939f13580becfd511d16408b51b72403?s=96&d=mm&r=g\",\"contentUrl\":\"https:\/\/secure.gravatar.com\/avatar\/939f13580becfd511d16408b51b72403?s=96&d=mm&r=g\",\"caption\":\"citaty\"},\"url\":\"https:\/\/www.e-citaty.cz\/uzivatelske-citaty\/author\/citaty\"}]}<\/script>\n<!-- \/ Yoast SEO plugin. -->","yoast_head_json":{"title":"Posledn\u00ed dobou mi p\u0159ijde, \u017ee lid\u00e9 zde nejsou od toho, aby znali pravdu,  ale aby je j\u00ed n\u011bkdo u\u0161et\u0159il. | E-cit\u00e1ty.cz","robots":{"index":"index","follow":"follow","max-snippet":"max-snippet:-1","max-image-preview":"max-image-preview:large","max-video-preview":"max-video-preview:-1"},"canonical":"https:\/\/www.e-citaty.cz\/uzivatelske-citaty\/citaty\/818","og_locale":"cs_CZ","og_type":"article","og_title":"Posledn\u00ed dobou mi p\u0159ijde, \u017ee lid\u00e9 zde nejsou od toho, aby znali pravdu,  ale aby je j\u00ed n\u011bkdo u\u0161et\u0159il. | E-cit\u00e1ty.cz","og_url":"https:\/\/www.e-citaty.cz\/uzivatelske-citaty\/citaty\/818","og_site_name":"E-citaty.cz - U\u017eivatelsk\u00e9 cit\u00e1ty","article_published_time":"2017-04-03T11:43:29+00:00","article_modified_time":"2017-04-24T13:30:18+00:00","og_image":[{"width":1200,"height":630,"url":"https:\/\/www.e-citaty.cz\/uzivatelske-citaty\/wp-content\/uploads\/sites\/3\/2017\/03\/facebook-cover.png","type":"image\/png"}],"author":"citaty","twitter_card":"summary_large_image","twitter_misc":{"Napsal(a)":"citaty"},"schema":{"@context":"https:\/\/schema.org","@graph":[{"@type":"WebPage","@id":"https:\/\/www.e-citaty.cz\/uzivatelske-citaty\/citaty\/818","url":"https:\/\/www.e-citaty.cz\/uzivatelske-citaty\/citaty\/818","name":"Posledn\u00ed dobou mi p\u0159ijde, \u017ee lid\u00e9 zde nejsou od toho, aby znali pravdu, ale aby je j\u00ed n\u011bkdo u\u0161et\u0159il. | E-cit\u00e1ty.cz","isPartOf":{"@id":"https:\/\/www.e-citaty.cz\/uzivatelske-citaty\/#website"},"datePublished":"2017-04-03T11:43:29+00:00","dateModified":"2017-04-24T13:30:18+00:00","author":{"@id":"https:\/\/www.e-citaty.cz\/uzivatelske-citaty\/#\/schema\/person\/ca67bbbe441b35e91d4927719f21f8b4"},"breadcrumb":{"@id":"https:\/\/www.e-citaty.cz\/uzivatelske-citaty\/citaty\/818#breadcrumb"},"inLanguage":"cs","potentialAction":[{"@type":"ReadAction","target":["https:\/\/www.e-citaty.cz\/uzivatelske-citaty\/citaty\/818"]}]},{"@type":"BreadcrumbList","@id":"https:\/\/www.e-citaty.cz\/uzivatelske-citaty\/citaty\/818#breadcrumb","itemListElement":[{"@type":"ListItem","position":1,"name":"Dom\u016f","item":"https:\/\/www.e-citaty.cz\/uzivatelske-citaty"},{"@type":"ListItem","position":2,"name":"Posledn\u00ed dobou mi p\u0159ijde, \u017ee lid\u00e9 zde nejsou od toho, aby znali pravdu, ale aby je j\u00ed n\u011bkdo u\u0161et\u0159il."}]},{"@type":"WebSite","@id":"https:\/\/www.e-citaty.cz\/uzivatelske-citaty\/#website","url":"https:\/\/www.e-citaty.cz\/uzivatelske-citaty\/","name":"E-citaty.cz - U\u017eivatelsk\u00e9 cit\u00e1ty","description":"Cit\u00e1ty na\u0161ich n\u00e1v\u0161t\u011bvn\u00edk\u016f","potentialAction":[{"@type":"SearchAction","target":{"@type":"EntryPoint","urlTemplate":"https:\/\/www.e-citaty.cz\/uzivatelske-citaty\/?s={search_term_string}"},"query-input":"required name=search_term_string"}],"inLanguage":"cs"},{"@type":"Person","@id":"https:\/\/www.e-citaty.cz\/uzivatelske-citaty\/#\/schema\/person\/ca67bbbe441b35e91d4927719f21f8b4","name":"citaty","image":{"@type":"ImageObject","inLanguage":"cs","@id":"https:\/\/www.e-citaty.cz\/uzivatelske-citaty\/#\/schema\/person\/image\/","url":"https:\/\/secure.gravatar.com\/avatar\/939f13580becfd511d16408b51b72403?s=96&d=mm&r=g","contentUrl":"https:\/\/secure.gravatar.com\/avatar\/939f13580becfd511d16408b51b72403?s=96&d=mm&r=g","caption":"citaty"},"url":"https:\/\/www.e-citaty.cz\/uzivatelske-citaty\/author\/citaty"}]}},"_links":{"self":[{"href":"https:\/\/www.e-citaty.cz\/uzivatelske-citaty\/wp-json\/wp\/v2\/posts\/818"}],"collection":[{"href":"https:\/\/www.e-citaty.cz\/uzivatelske-citaty\/wp-json\/wp\/v2\/posts"}],"about":[{"href":"https:\/\/www.e-citaty.cz\/uzivatelske-citaty\/wp-json\/wp\/v2\/types\/post"}],"author":[{"embeddable":true,"href":"https:\/\/www.e-citaty.cz\/uzivatelske-citaty\/wp-json\/wp\/v2\/users\/2"}],"replies":[{"embeddable":true,"href":"https:\/\/www.e-citaty.cz\/uzivatelske-citaty\/wp-json\/wp\/v2\/comments?post=818"}],"version-history":[{"count":1,"href":"https:\/\/www.e-citaty.cz\/uzivatelske-citaty\/wp-json\/wp\/v2\/posts\/818\/revisions"}],"predecessor-version":[{"id":1836,"href":"https:\/\/www.e-citaty.cz\/uzivatelske-citaty\/wp-json\/wp\/v2\/posts\/818\/revisions\/1836"}],"wp:attachment":[{"href":"https:\/\/www.e-citaty.cz\/uzivatelske-citaty\/wp-json\/wp\/v2\/media?parent=818"}],"wp:term":[{"taxonomy":"category","embeddable":true,"href":"https:\/\/www.e-citaty.cz\/uzivatelske-citaty\/wp-json\/wp\/v2\/categories?post=818"},{"taxonomy":"post_tag","embeddable":true,"href":"https:\/\/www.e-citaty.cz\/uzivatelske-citaty\/wp-json\/wp\/v2\/tags?post=818"}],"curies":[{"name":"wp","href":"https:\/\/api.w.org\/{rel}","templated":true}]}}